{"id":13,"date":"2026-09-04T16:50:56","date_gmt":"2026-09-04T16:50:56","guid":{"rendered":"https:\/\/alexandrecalapez.com\/?p=13"},"modified":"2026-09-04T16:50:56","modified_gmt":"2026-09-04T16:50:56","slug":"porque-e-que-crescer-torna-algumas-empresas-mais-dificeis-de-gerir","status":"publish","type":"post","link":"https:\/\/alexandrecalapez.com\/?p=13","title":{"rendered":"Porque \u00e9 que crescer torna algumas empresas mais dif\u00edceis de gerir?"},"content":{"rendered":"<p>Uma empresa pequena pode funcionar durante bastante tempo com mecanismos que seriam insuficientes numa organiza\u00e7\u00e3o maior. O fundador conhece os clientes relevantes, acompanha directamente os problemas, interv\u00e9m em decis\u00f5es excepcionais e resolve conflitos numa conversa. A proximidade compensa a falta de processos formais.<\/p>\n<p>Quando a empresa cresce, este modelo deixa de escalar. N\u00e3o porque as pessoas se tornem menos competentes, mas porque aumenta o n\u00famero de decis\u00f5es, de equipas, de produtos, de mercados e de interdepend\u00eancias. A dificuldade de gest\u00e3o surge quando a expans\u00e3o ultrapassa a capacidade da organiza\u00e7\u00e3o para delegar, coordenar, controlar e obter informa\u00e7\u00e3o fi\u00e1vel.<\/p>\n<p>N\u00e3o existe uma lei segundo a qual uma empresa maior seja inevitavelmente pior de gerir. H\u00e1 empresas de grande dimens\u00e3o capazes de decidir bem e empresas pequenas excessivamente confusas. Mas a escala altera a natureza do problema: aquilo que antes se resolvia por conhecimento directo passa a exigir uma arquitectura de decis\u00e3o e responsabiliza\u00e7\u00e3o.<\/p>\n<h2>O crescimento multiplica depend\u00eancias, n\u00e3o apenas pessoas<\/h2>\n<p>\u00c9 comum descrever o crescimento como a contrata\u00e7\u00e3o de mais trabalhadores. Essa descri\u00e7\u00e3o \u00e9 incompleta. Cada nova pessoa, equipa, unidade de neg\u00f3cio ou geografia cria rela\u00e7\u00f5es adicionais de depend\u00eancia.<\/p>\n<p>Uma decis\u00e3o comercial pode depender da disponibilidade do produto. O produto pode depender da tecnologia. A tecnologia pode depender de requisitos de seguran\u00e7a, protec\u00e7\u00e3o de dados ou fornecedores externos. Finan\u00e7as, recursos humanos, jur\u00eddico e opera\u00e7\u00f5es passam a interferir, legitimamente, em decis\u00f5es que antes tinham poucos intervenientes.<\/p>\n<blockquote><p>Crescer n\u00e3o acrescenta apenas trabalhadores; multiplica os pontos em que uma decis\u00e3o tem de atravessar equipas, chefias, geografias e sistemas.<\/p><\/blockquote>\n<p>A teoria das organiza\u00e7\u00f5es ajuda a enquadrar esta transi\u00e7\u00e3o. Oliver Hart e John Moore partem da ideia de que quem det\u00e9m a autoridade m\u00e1xima n\u00e3o tem tempo nem capacidade para tomar todas as decis\u00f5es. A delega\u00e7\u00e3o torna-se, por isso, necess\u00e1ria. Mas os delegados tamb\u00e9m atingem os seus limites, levando \u00e0 cria\u00e7\u00e3o de novas camadas de delega\u00e7\u00e3o e especializa\u00e7\u00e3o.<\/p>\n<p>\u00c9 neste ponto que uma empresa deixa de poder depender exclusivamente de rela\u00e7\u00f5es informais. Precisa de definir fronteiras entre fun\u00e7\u00f5es, regras de escalamento, f\u00f3runs de coordena\u00e7\u00e3o e canais de informa\u00e7\u00e3o. O objectivo n\u00e3o deve ser criar processos por h\u00e1bito. Deve ser tornar previs\u00edvel a forma como decis\u00f5es relevantes s\u00e3o tomadas, executadas e revistas.<\/p>\n<p>A <a href=\"https:\/\/www.oecd.org\/en\/publications\/g20-oecd-principles-of-corporate-governance-2023_ed750b30-en\/full-report\/component-8.html?utm_source=openai\">OCDE<\/a> recomenda que os \u00f3rg\u00e3os de administra\u00e7\u00e3o revejam continuamente a estrutura interna e confirmem a exist\u00eancia de linhas claras de responsabiliza\u00e7\u00e3o, sobretudo perante mudan\u00e7as materiais de dimens\u00e3o, complexidade, estrat\u00e9gia, mercados ou exig\u00eancias regulat\u00f3rias.<\/p>\n<h2>Delegar \u00e9 inevit\u00e1vel; descentralizar sem crit\u00e9rio \u00e9 arriscado<\/h2>\n<p>O primeiro grande desafio do crescimento \u00e9 a decis\u00e3o. Uma lideran\u00e7a centralizada pode preservar coer\u00eancia, proteger padr\u00f5es e evitar que unidades diferentes sigam rumos contradit\u00f3rios. Contudo, quando muitas decis\u00f5es operacionais chegam ao topo, formam-se filas de aprova\u00e7\u00e3o, aumenta a sobrecarga dos dirigentes e a resposta ao mercado torna-se mais lenta.<\/p>\n<p>A alternativa \u00e9 aproximar a decis\u00e3o de quem est\u00e1 perto do cliente, da opera\u00e7\u00e3o, da f\u00e1brica ou do produto. A literatura sobre delega\u00e7\u00e3o de gest\u00e3o identifica essa transfer\u00eancia de poder decis\u00f3rio como uma condi\u00e7\u00e3o importante para o crescimento. Uma empresa n\u00e3o consegue expandir-se indefinidamente se o fundador ou uma pequena equipa tiver de autorizar descontos, contrata\u00e7\u00f5es, investimentos, altera\u00e7\u00f5es de pre\u00e7os, escolhas de fornecedores ou excep\u00e7\u00f5es operacionais.<\/p>\n<p>Mas descentralizar n\u00e3o significa abdicar de direc\u00e7\u00e3o. Significa definir com precis\u00e3o o que pode ser decidido localmente, o que exige valida\u00e7\u00e3o e o que deve ser uniforme em toda a organiza\u00e7\u00e3o. Sem essa distin\u00e7\u00e3o, a autonomia transforma-se facilmente em incoer\u00eancia.<\/p>\n<p>Jeremy Stein distinguiu entre informa\u00e7\u00e3o contextual, dif\u00edcil de codificar e transmitir \u2014 frequentemente designada por informa\u00e7\u00e3o \u201csoft\u201d \u2014 e informa\u00e7\u00e3o que pode ser convertida em indicadores, regras e relat\u00f3rios. Esta distin\u00e7\u00e3o \u00e9 \u00fatil para a gest\u00e3o. Uma decis\u00e3o que depende de conhecimento local, de uma rela\u00e7\u00e3o com um cliente ou de circunst\u00e2ncias operacionais espec\u00edficas pode beneficiar de proximidade. J\u00e1 decis\u00f5es repetitivas, compar\u00e1veis ou de risco elevado tendem a exigir crit\u00e9rios comuns e informa\u00e7\u00e3o formalizada.<\/p>\n<p>A pergunta relevante n\u00e3o \u00e9 se a empresa deve centralizar ou descentralizar. \u00c9 outra: que decis\u00f5es t\u00eam de ser coerentes em toda a organiza\u00e7\u00e3o e quais devem ser tomadas perto do problema?<\/p>\n<h2>Quando ningu\u00e9m sabe quem responde, a estrutura falhou<\/h2>\n<p>A delega\u00e7\u00e3o de tarefas n\u00e3o elimina a responsabilidade do topo. Este \u00e9 um ponto particularmente importante \u00e0 medida que surgem direc\u00e7\u00f5es funcionais, comiss\u00f5es, subsidi\u00e1rias, centros de servi\u00e7os partilhados e fornecedores externos.<\/p>\n<p>Numa empresa pequena, \u00e9 frequentemente evidente quem decidiu e quem executou. Numa empresa maior, uma falha pode atravessar v\u00e1rias \u00e1reas: uma equipa compra, outra configura um sistema, outra comercializa, outra valida requisitos e outra reporta resultados. Se as responsabilidades n\u00e3o estiverem desenhadas, forma-se uma zona cinzenta: todos participaram, mas ningu\u00e9m tinha mandato claro nem responsabilidade final pelo resultado.<\/p>\n<p>Os Princ\u00edpios G20\/OCDE de Governo das Sociedades de 2023 estabelecem que o conselho deve criar e fazer cumprir linhas claras de responsabilidade e presta\u00e7\u00e3o de contas em toda a organiza\u00e7\u00e3o. A exist\u00eancia de comiss\u00f5es, fun\u00e7\u00f5es de controlo ou auditoria interna n\u00e3o transfere a responsabilidade final do \u00f3rg\u00e3o de administra\u00e7\u00e3o pela supervis\u00e3o do risco e pela integridade dos sistemas de reporte.<\/p>\n<p>Em Portugal, o <a href=\"https:\/\/www.cgov.pt\/images\/ficheiros\/2023\/cgs-revisao-de-2023-ebook.pdf?utm_source=openai\">C\u00f3digo de Governo das Sociedades do IPCG, revisto em 2023<\/a>, determina que o sistema de controlo interno \u2014 incluindo gest\u00e3o de risco, compliance e auditoria interna \u2014 seja adequado \u00e0 dimens\u00e3o da sociedade e \u00e0 complexidade dos riscos da actividade.<\/p>\n<p>\u00c9 f\u00e1cil olhar para matrizes de poderes, circuitos de aprova\u00e7\u00e3o, registos de decis\u00e3o ou auditorias como burocracia dispens\u00e1vel. Por vezes, s\u00e3o mal desenhados e apenas acrescentam demora. Mas, na sua melhor vers\u00e3o, estes instrumentos procuram responder a riscos reais: decis\u00f5es sem mandato, informa\u00e7\u00e3o n\u00e3o verificada, conflitos entre \u00e1reas, falhas de controlo ou incapacidade de detectar problemas a tempo.<\/p>\n<p>Mais controlo n\u00e3o \u00e9 necessariamente melhor controlo. Um sistema excessivo pode duplicar trabalho, afastar gestores da opera\u00e7\u00e3o e criar uma falsa sensa\u00e7\u00e3o de seguran\u00e7a. O crit\u00e9rio deveria ser a proporcionalidade: que risco este controlo reduz, que decis\u00e3o clarifica e se quem opera consegue compreend\u00ea-lo.<\/p>\n<h2>A lideran\u00e7a deixa de poder assentar na presen\u00e7a do fundador<\/h2>\n<p>O crescimento tamb\u00e9m muda o trabalho de liderar. Esta n\u00e3o \u00e9 apenas uma mudan\u00e7a de estatuto entre fundador e gestor profissional; \u00e9 uma altera\u00e7\u00e3o concreta das tarefas que a lideran\u00e7a tem de desempenhar.<\/p>\n<p>A determinada escala, j\u00e1 n\u00e3o \u00e9 poss\u00edvel conhecer directamente todos os clientes relevantes, acompanhar cada equipa, resolver pessoalmente todos os conflitos ou decidir cada excep\u00e7\u00e3o. A presen\u00e7a do l\u00edder deixa de poder funcionar como sistema operativo da empresa.<\/p>\n<p>A partir da\u00ed, liderar depende mais de prioridades claras, escolhas de pessoas, desenho de cargos, indicadores, rituais de decis\u00e3o e cultura de reporte. A capacidade decisiva deixa de ser resolver todos os problemas e passa a ser criar condi\u00e7\u00f5es para que os problemas sejam detectados, decididos e escalados no n\u00edvel adequado.<\/p>\n<blockquote><p>A empresa torna-se dif\u00edcil de gerir quando continua a depender do fundador para decis\u00f5es que j\u00e1 s\u00f3 uma organiza\u00e7\u00e3o, e n\u00e3o uma pessoa, consegue executar.<\/p><\/blockquote>\n<p>Isto n\u00e3o implica que o fundador tenha de desaparecer da gest\u00e3o, nem que uma estrutura formal seja incompat\u00edvel com rapidez. Implica, isso sim, que a organiza\u00e7\u00e3o necessita de mecanismos que n\u00e3o dependam exclusivamente da mem\u00f3ria, disponibilidade ou interven\u00e7\u00e3o de uma \u00fanica pessoa.<\/p>\n<h2>A complexidade actual inclui dados, cadeias de valor e reporte<\/h2>\n<p>O crescimento contempor\u00e2neo n\u00e3o se mede apenas pelo n\u00famero de trabalhadores ou pelo volume de vendas. Pode incluir mais dados, plataformas digitais, fornecedores, jurisdi\u00e7\u00f5es, entidades do grupo e riscos na cadeia de abastecimento.<\/p>\n<p>A revis\u00e3o de 2023 dos Princ\u00edpios G20\/OCDE refor\u00e7ou a aten\u00e7\u00e3o \u00e0 sustentabilidade, resili\u00eancia, riscos digitais e grupos empresariais. Em 3 de Julho de 2026, a Comiss\u00e3o Europeia adoptou padr\u00f5es europeus de reporte de sustentabilidade revistos e um padr\u00e3o volunt\u00e1rio associado ao pacote Omnibus I, apresentando a medida como simplifica\u00e7\u00e3o e redu\u00e7\u00e3o de encargos administrativos.<\/p>\n<p>Esta evolu\u00e7\u00e3o regulat\u00f3ria n\u00e3o demonstra que as empresas se tenham tornado intrinsecamente mais mal geridas. Mostra algo mais concreto: para as empresas abrangidas, as expectativas de rastreabilidade, valida\u00e7\u00e3o de dados e presta\u00e7\u00e3o de contas alargaram-se. A expans\u00e3o exige, por isso, maior capacidade para recolher, verificar e reportar informa\u00e7\u00e3o, incluindo informa\u00e7\u00e3o n\u00e3o financeira.<\/p>\n<p>A conclus\u00e3o n\u00e3o \u00e9 que crescer seja um problema. Crescer \u00e9, muitas vezes, a consequ\u00eancia de uma proposta de valor que encontrou procura. O problema come\u00e7a quando a empresa mant\u00e9m um modelo de gest\u00e3o adequado a uma fase que j\u00e1 terminou.<\/p>\n<p>Estrutura, delega\u00e7\u00e3o, controlo e lideran\u00e7a n\u00e3o s\u00e3o temas separados. S\u00e3o partes da mesma transi\u00e7\u00e3o: substituir a depend\u00eancia de pessoas espec\u00edficas por um sistema capaz de preservar julgamento, velocidade e responsabilidade \u00e0 medida que a empresa se torna mais complexa.<\/p>\n","protected":false},"excerpt":{"rendered":"<p>O crescimento pode transformar uma empresa \u00e1gil numa organiza\u00e7\u00e3o lenta sem que exista uma \u00fanica decis\u00e3o errada ou uma causa isolada. O desafio come\u00e7a quando a expans\u00e3o em pessoas, mercados, produtos ou entidades jur\u00eddicas avan\u00e7a mais depressa do que a capacidade de delegar, coordenar, controlar e produzir informa\u00e7\u00e3o fi\u00e1vel.<\/p>\n","protected":false},"author":1,"featured_media":0,"comment_status":"closed","ping_status":"open","sticky":false,"template":"","format":"standard","meta":{"pagelayer_contact_templates":[],"_pagelayer_content":"","footnotes":""},"categories":[6],"tags":[7,11,10,12,9,8],"class_list":["post-13","post","type-post","status-publish","format-standard","hentry","category-estrategia","tag-crescimento-empresarial","tag-decisao-empresarial","tag-delegacao","tag-gestao","tag-governo-das-sociedades","tag-lideranca"],"_links":{"self":[{"href":"https:\/\/alexandrecalapez.com\/index.php?rest_route=\/wp\/v2\/posts\/13","targetHints":{"allow":["GET"]}}],"collection":[{"href":"https:\/\/alexandrecalapez.com\/index.php?rest_route=\/wp\/v2\/posts"}],"about":[{"href":"https:\/\/alexandrecalapez.com\/index.php?rest_route=\/wp\/v2\/types\/post"}],"author":[{"embeddable":true,"href":"https:\/\/alexandrecalapez.com\/index.php?rest_route=\/wp\/v2\/users\/1"}],"replies":[{"embeddable":true,"href":"https:\/\/alexandrecalapez.com\/index.php?rest_route=%2Fwp%2Fv2%2Fcomments&post=13"}],"version-history":[{"count":1,"href":"https:\/\/alexandrecalapez.com\/index.php?rest_route=\/wp\/v2\/posts\/13\/revisions"}],"predecessor-version":[{"id":15,"href":"https:\/\/alexandrecalapez.com\/index.php?rest_route=\/wp\/v2\/posts\/13\/revisions\/15"}],"wp:attachment":[{"href":"https:\/\/alexandrecalapez.com\/index.php?rest_route=%2Fwp%2Fv2%2Fmedia&parent=13"}],"wp:term":[{"taxonomy":"category","embeddable":true,"href":"https:\/\/alexandrecalapez.com\/index.php?rest_route=%2Fwp%2Fv2%2Fcategories&post=13"},{"taxonomy":"post_tag","embeddable":true,"href":"https:\/\/alexandrecalapez.com\/index.php?rest_route=%2Fwp%2Fv2%2Ftags&post=13"}],"curies":[{"name":"wp","href":"https:\/\/api.w.org\/{rel}","templated":true}]}}